{"id":1421,"date":"2020-12-12T08:00:06","date_gmt":"2020-12-12T07:00:06","guid":{"rendered":"https:\/\/www.brulafine.com\/magazine\/?p=1421"},"modified":"2020-12-02T14:39:15","modified_gmt":"2020-12-02T13:39:15","slug":"le-kefir-la-nouvelle-boisson-miraculeuse","status":"publish","type":"post","link":"https:\/\/www.brulafine.com\/magazine\/le-kefir-la-nouvelle-boisson-miraculeuse\/","title":{"rendered":"Le k\u00e9fir : la nouvelle boisson miraculeuse"},"content":{"rendered":"<p><strong>Le k\u00e9fir, cette boisson au nom exotique, commence \u00e0 se r\u00e9pandre de plus en plus sur les tablettes r\u00e9frig\u00e9r\u00e9es. Nature, aux fruits, \u00e0 base de lait de vache ou de ch\u00e8vre, ce breuvage p\u00e9tillant est surnomm\u00e9 le <a href=\"https:\/\/www.brulafine.com\/magazine\/quels-alcools-privilegier\/\" data-internallinksmanager029f6b8e52c=\"94\" title=\"Quels alcools privil\u00e9gier ?\">champagne<\/a> des <a href=\"https:\/\/www.brulafine.com\/magazine\/le-calcium-ou-et-pourquoi\/\" data-internallinksmanager029f6b8e52c=\"66\" title=\"Le calcium : o\u00f9 et pourquoi ?\">produits laitiers<\/a>. Il existe \u00e9galement des k\u00e9firs de fruits. Nous parlerons ici du k\u00e9fir de lait\u2026 Mais comment est-il fabriqu\u00e9 et quels sont ses attraits nutritionnels ?\u00a0<\/strong><\/p>\n<h2>Petite histoire de k\u00e9fir<\/h2>\n<h3>De l&rsquo;Antiquit\u00e9 &#8230;<\/h3>\n<p>L\u2019apparition du k\u00e9fir remonte \u00e0 plusieurs si\u00e8cles. Anciennement, les nomades, lors de leur p\u00e9riple, transportaient le lait des animaux dans des sacs de peau. Le temps et la temp\u00e9rature aidant, <strong>une fermentation naissait<\/strong> dans ces sacs, transformant le lait en un breuvage au go\u00fbt unique : le k\u00e9fir.<\/p>\n<p>Une masse combinant les bact\u00e9ries, levures et <a href=\"https:\/\/www.brulafine.com\/magazine\/le-regime-hyperproteine-quesaco\/\" data-internallinksmanager029f6b8e52c=\"48\" title=\"Le r\u00e9gime hyperprot\u00e9in\u00e9\u00a0: qu\u00e8saco\u00a0?\">prot\u00e9ines<\/a> du lait se formait \u00e9galement cr\u00e9ant <strong>ainsi les grains de k\u00e9fir.<\/strong><\/p>\n<h3>&#8230; \u00c0 aujourd&rsquo;hui<\/h3>\n<p>De nos jours, le proc\u00e9d\u00e9 pour obtenir le k\u00e9fir reste simple. Il suffit <strong>d\u2019additionner le lait de vache ou de ch\u00e8vre aux grains de k\u00e9fir<\/strong>, et de laisser la fermentation agir. Les bact\u00e9ries et les levures pr\u00e9sentes dans les grains transforment le lait en faisant descendre son pH, en changeant sa texture et sa composition. Des compos\u00e9s gazeux apparaissent \u00e9galement procurant ainsi le go\u00fbt l\u00e9g\u00e8rement acidul\u00e9 et le p\u00e9tillant de ce produit.<\/p>\n<h2>Les bienfaits du k\u00e9fir<\/h2>\n<h3>Int\u00e9r\u00eats nutritionnels<\/h3>\n<p>Le k\u00e9fir, qui peut \u00eatre inclus dans les portions du groupe produits laitiers, poss\u00e8de <strong>plusieurs attraits nutritionnels<\/strong> dont sa teneur en prot\u00e9ines de qualit\u00e9, en calcium, en potassium, en vitamine B<sub>12<\/sub> et en riboflavine.<br \/>\nBien que faisant partie de la famille des produits laitiers, il peut \u00eatre consomm\u00e9 par les gens intol\u00e9rant au lactose sans risque.<\/p>\n<h3>Le plein de probiotiques<\/h3>\n<p>Terme tr\u00e8s tendance actuellement, le k\u00e9fir aurait <strong>un effet probiotique,<\/strong> c\u2019est \u00e0 dire qu\u2019il faciliterait la <a href=\"https:\/\/www.brulafine.com\/magazine\/ameliorer-sa-digestion-pour-construire-du-muscle-et-bruler-les-graisses\/\" data-internallinksmanager029f6b8e52c=\"8\" title=\"Digestion\">digestion<\/a> des aliments et l\u2019absorption des <a href=\"https:\/\/www.brulafine.com\/magazine\/tout-savoir-sur-les-aliments-superfood-nos-essentiels-au-quotidien\/\" data-internallinksmanager029f6b8e52c=\"27\" title=\"Tout savoir sur les aliments superfood\u00a0: nos essentiels au quotidien\u00a0!\">nutriments<\/a>. Il stimulerait \u00e9galement le fonctionnement du syst\u00e8me immunitaire favorisant la production de substances qui <strong>emp\u00eacheraient la croissance de bact\u00e9ries pathog\u00e8nes<\/strong> nuisibles \u00e0 la <a href=\"https:\/\/www.brulafine.com\/magazine\/perdre-du-poids-pour-etre-en-bonne-sante\/\" data-internallinksmanager029f6b8e52c=\"9\" title=\"Bonne - sant\u00e9\">sant\u00e9<\/a>.<\/p>\n<p>Tout comme les autres produits probiotiques, ces effets ne sont cependant constat\u00e9s que lors d&rsquo;une consommation quotidienne.<\/p>\n<h3>Le k\u00e9fir pour maigrir<\/h3>\n<p>Incroyable mais vrai : le k\u00e9fir agit positivement dans la perte de kilos superflus.<br \/>\nEffectivement, combin\u00e9e \u00e0 une <a href=\"https:\/\/www.brulafine.com\/magazine\/une-alimentation-equilibree-quest-ce-que-cest\/\" data-internallinksmanager029f6b8e52c=\"82\" title=\"Une alimentation \u00e9quilibr\u00e9e : qu\u2019est-ce que c\u2019est ?\">alimentation saine<\/a> et \u00e0 une activit\u00e9 physique r\u00e9guli\u00e8re, <strong>la consommation r\u00e9guli\u00e8re de k\u00e9fir<\/strong> favoriserait la perte de poids en interagissant positivement sur notre syst\u00e8me digestif et sur notre transit.<\/p>\n<p><strong>Autres b\u00e9n\u00e9fices<\/strong> : sa consommation boosterait notre syst\u00e8me immunitaire, aiderait \u00e0 avoir une flore intestinale en bonne sant\u00e9, contribuerait \u00e0 l\u2019apport en vitamines et min\u00e9raux, et aiderait \u00e0 r\u00e9duire les ballonnements favorisant ainsi un <a href=\"https:\/\/www.brulafine.com\/magazine\/quels-sports-pour-avoir-un-ventre-plat\/\" data-internallinksmanager029f6b8e52c=\"86\" title=\"Quels sports pour avoir un ventre plat ?\">ventre plat<\/a>\u2026 ! Que du positif.<\/p>\n<h2>Comment l\u2019utiliser en cuisine<\/h2>\n<p><img class=\" wp-image-1423 alignleft\" src=\"https:\/\/www.brulafine.com\/magazine\/wp-content\/uploads\/2020\/12\/kefir.jpg\" alt=\"k\u00e9fir\" width=\"231\" height=\"231\" srcset=\"https:\/\/www.brulafine.com\/magazine\/wp-content\/uploads\/2020\/12\/kefir.jpg 200w, https:\/\/www.brulafine.com\/magazine\/wp-content\/uploads\/2020\/12\/kefir-150x150.jpg 150w\" sizes=\"(max-width: 231px) 100vw, 231px\" \/>Le k\u00e9fir est maintenant disponible dans presque toutes les \u00e9piceries, empaquet\u00e9 en tant que k\u00e9fir nature ou additionn\u00e9 m\u00e9lang\u00e9 \u00e0 des fruits. Le k\u00e9fir peut <strong>remplacer le yaourt ou le lait<\/strong> dans les potages ou les smoothies et pour cuisiner des g\u00e2teaux et muffins.<\/p>\n<p>Si vous avez la patience vous pouvez \u00e9galement <strong>le cr\u00e9er vous m\u00eame<\/strong> en vous procurant des grains de k\u00e9fir. Ce type de produits se trouve g\u00e9n\u00e9ralement via le bouche-\u00e0-oreille, mais vous pouvez aussi en trouver dans certains magasins bio.<br \/>\nDans un r\u00e9cipient, m\u00e9langez du lait et les grains de k\u00e9fir. Recouvrez le tout d\u2019un tissu (avec un \u00e9lastique pour maintenir) et laissez reposer \u00e0 temp\u00e9rature ambiante pendant\u00a0 24h. Filtrez le tout au tamis, et c&rsquo;est pr\u00eat !<\/p>\n<p>Attention, les grains de k\u00e9fir tout comme les champignons et bact\u00e9rie <strong>prolif\u00e8rent tr\u00e8s vite<\/strong>. Nous vous conseillons de les conserver au frigo si vous ne souhaitez pas \u00eatre pris d&rsquo;assaut par une plantation surprise.<\/p>\n<p>\u00c0 boire, pour cuisiner, en <a href=\"https:\/\/www.brulafine.com\/magazine\/gouter-ou-pas-gouter\/\" data-internallinksmanager029f6b8e52c=\"43\" title=\"Go\u00fbter ou pas go\u00fbter ?\">collation<\/a>, au <a href=\"https:\/\/www.brulafine.com\/magazine\/faut-il-prendre-un-petit-dejeuner-pendant-un-regime\/\" data-internallinksmanager029f6b8e52c=\"54\" title=\"Faut-il prendre un petit d\u00e9jeuner pendant un r\u00e9gime ?\">petit-d\u00e9jeuner<\/a>, le k\u00e9fir a tout int\u00e9r\u00eat \u00e0 faire partie de votre alimentation pour tous les aspects sant\u00e9 qu\u2019il procure ! N\u2019h\u00e9sitez pas \u00e0 le tester lors de votre prochaine vir\u00e9e \u00e0 l\u2019\u00e9picerie.<\/p>\n<p style=\"text-align: right;\">Eve Godin<\/p>\n","protected":false},"excerpt":{"rendered":"<p>Le k\u00e9fir, cette boisson au nom exotique, commence \u00e0 se r\u00e9pandre de plus en plus sur les tablettes r\u00e9frig\u00e9r\u00e9es. Nature,&#8230;<\/p>\n","protected":false},"author":1,"featured_media":1422,"comment_status":"open","ping_status":"open","sticky":false,"template":"","format":"standard","meta":{"om_disable_all_campaigns":false,"_monsterinsights_skip_tracking":false,"_monsterinsights_sitenote_active":false,"_monsterinsights_sitenote_note":"","_monsterinsights_sitenote_category":0},"categories":[38],"tags":[],"aioseo_notices":[],"_links":{"self":[{"href":"https:\/\/www.brulafine.com\/magazine\/wp-json\/wp\/v2\/posts\/1421"}],"collection":[{"href":"https:\/\/www.brulafine.com\/magazine\/wp-json\/wp\/v2\/posts"}],"about":[{"href":"https:\/\/www.brulafine.com\/magazine\/wp-json\/wp\/v2\/types\/post"}],"author":[{"embeddable":true,"href":"https:\/\/www.brulafine.com\/magazine\/wp-json\/wp\/v2\/users\/1"}],"replies":[{"embeddable":true,"href":"https:\/\/www.brulafine.com\/magazine\/wp-json\/wp\/v2\/comments?post=1421"}],"version-history":[{"count":3,"href":"https:\/\/www.brulafine.com\/magazine\/wp-json\/wp\/v2\/posts\/1421\/revisions"}],"predecessor-version":[{"id":1431,"href":"https:\/\/www.brulafine.com\/magazine\/wp-json\/wp\/v2\/posts\/1421\/revisions\/1431"}],"wp:featuredmedia":[{"embeddable":true,"href":"https:\/\/www.brulafine.com\/magazine\/wp-json\/wp\/v2\/media\/1422"}],"wp:attachment":[{"href":"https:\/\/www.brulafine.com\/magazine\/wp-json\/wp\/v2\/media?parent=1421"}],"wp:term":[{"taxonomy":"category","embeddable":true,"href":"https:\/\/www.brulafine.com\/magazine\/wp-json\/wp\/v2\/categories?post=1421"},{"taxonomy":"post_tag","embeddable":true,"href":"https:\/\/www.brulafine.com\/magazine\/wp-json\/wp\/v2\/tags?post=1421"}],"curies":[{"name":"wp","href":"https:\/\/api.w.org\/{rel}","templated":true}]}}