{"id":152373,"date":"2023-05-13T09:21:50","date_gmt":"2023-05-13T07:21:50","guid":{"rendered":"https:\/\/www.brulafine.com\/magazine\/?p=152373"},"modified":"2023-05-15T09:22:48","modified_gmt":"2023-05-15T07:22:48","slug":"manque-vitamines-fatigue","status":"publish","type":"post","link":"https:\/\/www.brulafine.com\/magazine\/manque-vitamines-fatigue\/","title":{"rendered":"Quel manque de vitamine provoque la fatigue ?"},"content":{"rendered":"<p>Nous allons aborder un sujet qui touche un grand nombre d&rsquo;entre nous : la fatigue. Avez-vous d\u00e9j\u00e0 ressenti cette sensation d&rsquo;\u00e9puisement et de manque d&rsquo;\u00e9nergie ? Une carence en vitamines ou min\u00e9raux pourrait en \u00eatre la cause. Dans cet article, nous explorerons en profondeur les <a href=\"https:\/\/www.brulafine.com\/magazine\/comment-eviter-les-carences-alimentaires\/\" data-internallinksmanager029f6b8e52c=\"107\" title=\"Comment \u00e9viter les carences alimentaires ?\">carences<\/a> en vitamines et min\u00e9raux, leurs sympt\u00f4mes, et comment adapter votre alimentation pour pr\u00e9venir ces probl\u00e8mes de <a href=\"https:\/\/www.brulafine.com\/magazine\/perdre-du-poids-pour-etre-en-bonne-sante\/\" data-internallinksmanager029f6b8e52c=\"9\" title=\"Bonne - sant\u00e9\">sant\u00e9<\/a>. D\u00e9couvrons ensemble comment un d\u00e9ficit de vitamines peut engendrer une fatigue importante.<\/p>\n<h2>Les vitamines et min\u00e9raux essentiels \u00e0 notre organisme<\/h2>\n<p>Les vitamines et min\u00e9raux jouent un r\u00f4le capital au niveau du fonctionnement de notre organisme. Ils sont indispensables pour maintenir notre corps en <strong>bonne sant\u00e9<\/strong> et assurer diverses <strong>fonctions physiologiques<\/strong>. Chaque vitamine et min\u00e9ral a une fonction sp\u00e9cifique, et leur d\u00e9ficit peut entra\u00eener un risque de carences et des probl\u00e8mes de sant\u00e9.<\/p>\n<p>Les vitamines sont des substances organiques que notre corps n\u00e9cessite en petites quantit\u00e9s pour fonctionner correctement. Elles sont impliqu\u00e9es dans de nombreuses <strong>r\u00e9actions m\u00e9taboliques<\/strong> et assurent le <strong>maintien de notre immunit\u00e9<\/strong>, notre <strong>croissance <\/strong>et notre <strong>d\u00e9veloppement<\/strong>. Parmi les vitamines les plus connues, on compte<\/p>\n<ul>\n<li>la vitamine A, qui contribue \u00e0 la sant\u00e9 de la peau et des yeux,<\/li>\n<li>la vitamine C, qui renforce notre syst\u00e8me immunitaire,<\/li>\n<li>la vitamine D, essentielle \u00e0 l&rsquo;absorption du <a href=\"https:\/\/www.brulafine.com\/magazine\/le-calcium-ou-et-pourquoi\/\" data-internallinksmanager029f6b8e52c=\"66\" title=\"Le calcium : o\u00f9 et pourquoi ?\">calcium<\/a> pour des os solides.<\/li>\n<\/ul>\n<p>Les vitamines du groupe B, quant \u00e0 elles, sont essentielles pour le <strong>m\u00e9tabolisme \u00e9nerg\u00e9tique<\/strong>, la production de <strong>cellules sanguines<\/strong> et le bon fonctionnement du <strong>syst\u00e8me nerveux<\/strong>.<\/p>\n<p>Les min\u00e9raux, de leur c\u00f4t\u00e9, sont des \u00e9l\u00e9ments inorganiques indispensables \u00e0 notre corps. Ils sont n\u00e9cessaires \u00e0 la constitution de nos <strong>os<\/strong>, de nos <strong>dents<\/strong>, de nos <strong>tissus conjonctifs<\/strong>, ainsi qu&rsquo;\u00e0 la <a href=\"https:\/\/www.brulafine.com\/magazine\/la-thermogenese-quest-ce-que-cest\/\" data-internallinksmanager029f6b8e52c=\"64\" title=\"La thermogen\u00e8se : qu'est-ce que c'est ?\">r\u00e9gulation<\/a> de diverses fonctions m\u00e9taboliques. Parmi les plus indispensables, on trouve<\/p>\n<ul>\n<li>le fer, qui participe \u00e0 la production de globules rouges et au transport de l&rsquo;oxyg\u00e8ne,<\/li>\n<li>le calcium, n\u00e9cessaire \u00e0 la sant\u00e9 des os et des dents,<\/li>\n<li>le magn\u00e9sium, qui contribue \u00e0 la r\u00e9gulation du <a href=\"https:\/\/www.brulafine.com\/magazine\/les-meilleurs-aliments-anti-stress-pour-une-rentree-zen\/\" data-internallinksmanager029f6b8e52c=\"24\" title=\"anti-stress\">stress<\/a>, au bon fonctionnement des muscles et \u00e0 la transmission nerveuse.<\/li>\n<\/ul>\n<p><img class=\"wp-image-152371 size-large\" src=\"https:\/\/www.brulafine.com\/magazine\/wp-content\/uploads\/2023\/04\/manque-vitamines-fatigue-0-1024x683.jpeg\" alt=\"\" width=\"1024\" height=\"683\" srcset=\"https:\/\/www.brulafine.com\/magazine\/wp-content\/uploads\/2023\/04\/manque-vitamines-fatigue-0-1024x683.jpeg 1024w, https:\/\/www.brulafine.com\/magazine\/wp-content\/uploads\/2023\/04\/manque-vitamines-fatigue-0-300x200.jpeg 300w, https:\/\/www.brulafine.com\/magazine\/wp-content\/uploads\/2023\/04\/manque-vitamines-fatigue-0-768x512.jpeg 768w, https:\/\/www.brulafine.com\/magazine\/wp-content\/uploads\/2023\/04\/manque-vitamines-fatigue-0.jpeg 1200w\" sizes=\"(max-width: 1024px) 100vw, 1024px\" \/><\/p>\n<h2>Les sympt\u00f4mes de carences<\/h2>\n<p>Un d\u00e9ficit alimentaire en vitamines et min\u00e9raux peut se manifester de diff\u00e9rentes mani\u00e8res, en fonction du nutriment concern\u00e9. Certains sympt\u00f4mes sont communs \u00e0 plusieurs carences alimentaires, tandis que d&rsquo;autres sont sp\u00e9cifiques \u00e0 un nutriment particulier. Voici quelques signes qui pourraient indiquer un manque de <a href=\"https:\/\/www.brulafine.com\/magazine\/tout-savoir-sur-les-aliments-superfood-nos-essentiels-au-quotidien\/\" data-internallinksmanager029f6b8e52c=\"27\" title=\"Tout savoir sur les aliments superfood\u00a0: nos essentiels au quotidien\u00a0!\">nutriments<\/a> dans votre alimentation :<\/p>\n<h3>La fatigue chronique<\/h3>\n<p>La fatigue chronique est l&rsquo;un des sympt\u00f4mes les plus courants d&rsquo;une carence alimentaire. Un d\u00e9ficit de vitamine B12, de fer ou de magn\u00e9sium peut provoquer une<strong> fatigue persistante<\/strong>. La vitamine B12 est essentielle au niveau de la production d&rsquo;\u00e9nergie et de la formation des globules rouges, tandis que le fer est n\u00e9cessaire au transport de l&rsquo;oxyg\u00e8ne dans le sang. Le magn\u00e9sium, quant \u00e0 lui, est impliqu\u00e9 dans la production d&rsquo;\u00e9nergie et la relaxation musculaire. Une carence alimentaire en l&rsquo;un de ces nutriments peut perturber ces processus et entra\u00eener une sensation de fatigue et <strong>d&rsquo;\u00e9puisement<\/strong>.<\/p>\n<h3>Les troubles du sommeil<\/h3>\n<p>Les carences en vitamines et min\u00e9raux peuvent aussi affecter la qualit\u00e9 de votre <a href=\"https:\/\/www.brulafine.com\/magazine\/le-manque-de-sommeil-fait-il-grossir\/\" data-internallinksmanager029f6b8e52c=\"117\" title=\"Le manque de sommeil fait-il grossir ?\">sommeil<\/a>. Un d\u00e9ficit en vitamine D, magn\u00e9sium ou calcium peut entra\u00eener des troubles du sommeil, comme <strong>l&rsquo;insomnie <\/strong>ou des <strong>r\u00e9veils fr\u00e9quents<\/strong> durant la nuit. La vitamine D, notamment synth\u00e9tis\u00e9e gr\u00e2ce \u00e0 l&rsquo;exposition au soleil, est impliqu\u00e9e au niveau de la r\u00e9gulation du sommeil, tandis que le magn\u00e9sium et le calcium contribuent \u00e0 la relaxation musculaire et nerveuse, favorisant un sommeil r\u00e9parateur.<\/p>\n<h3>Le stress et l&rsquo;anxi\u00e9t\u00e9<\/h3>\n<p>Un d\u00e9s\u00e9quilibre en vitamines et min\u00e9raux peut \u00e9galement \u00eatre \u00e0 l&rsquo;origine de <strong>stress et d&rsquo;anxi\u00e9t\u00e9<\/strong>. Une carence en vitamines B, en particulier la vitamine B6 et la vitamine B9 (folate), ou en magn\u00e9sium peut en \u00eatre responsable. Ces nutriments sont essentiels pour la production de neurotransmetteurs, tels que la s\u00e9rotonine et la dopamine, qui r\u00e9gulent notre <a href=\"https:\/\/www.brulafine.com\/magazine\/alimentation-et-humeur-pourquoi-sont-elles-liees\/\" data-internallinksmanager029f6b8e52c=\"23\" title=\"humeur\">humeur<\/a> et notre bien-\u00eatre \u00e9motionnel.<\/p>\n<h3>Les probl\u00e8mes de peau et de cheveux<\/h3>\n<p>Les carences alimentaires peuvent aussi se manifester par des probl\u00e8mes de peau, tels que la <strong>s\u00e9cheresse<\/strong>, l&rsquo;<strong>acn\u00e9<\/strong> ou les <strong>\u00e9ruptions cutan\u00e9es<\/strong>, ainsi que des probl\u00e8mes capillaires, comme la <strong>chute des cheveux<\/strong> ou les <strong>cheveux cassants<\/strong>. Un manque de vitamine A, de zinc ou de biotine (vitamine B8) peut \u00eatre en cause.<\/p>\n<h2>Comment pr\u00e9venir les carences en vitamines et min\u00e9raux ?<\/h2>\n<p>Pour pr\u00e9venir le risque de carences en vitamines et min\u00e9raux et maintenir une bonne sant\u00e9, il est essentiel d&rsquo;adopter un mode de vie sain et une <a href=\"https:\/\/www.brulafine.com\/magazine\/une-alimentation-equilibree-quest-ce-que-cest\/\" data-internallinksmanager029f6b8e52c=\"82\" title=\"Une alimentation \u00e9quilibr\u00e9e : qu\u2019est-ce que c\u2019est ?\">alimentation \u00e9quilibr\u00e9e<\/a>. Voici nos <a href=\"https:\/\/www.brulafine.com\/magazine\/les-conseils-a-ne-pas-suivre-pour-perdre-du-poids\/\" data-internallinksmanager029f6b8e52c=\"69\" title=\"Les conseils \u00e0 ne pas suivre pour perdre du poids\">conseils<\/a> pour y parvenir :<\/p>\n<h3>Consommez des aliments riches en vitamines et min\u00e9raux<\/h3>\n<p>Pour garantir un apport suffisant en nutriments, privil\u00e9giez une alimentation vari\u00e9e et riche en fruits, l\u00e9gumes, c\u00e9r\u00e9ales compl\u00e8tes, produits laitiers, viandes maigres, poissons et l\u00e9gumineuses. Ces aliments fournissent naturellement les vitamines et min\u00e9raux dont notre corps a besoin pour fonctionner correctement.<\/p>\n<h3>L&rsquo;exposition au soleil<\/h3>\n<p>N&rsquo;oubliez pas de vous exposer r\u00e9guli\u00e8rement au soleil pour favoriser la synth\u00e8se de la vitamine D. Toutefois, prenez soin de prot\u00e9ger votre peau des rayons UV en utilisant un \u00e9cran solaire adapt\u00e9 et en \u00e9vitant les heures de forte intensit\u00e9 solaire.<\/p>\n<h3>Les compl\u00e9ments alimentaires<\/h3>\n<p>Si vous avez des besoins sp\u00e9cifiques ou si votre alimentation ne couvre pas suffisamment vos besoins, vous pouvez envisager de prendre des compl\u00e9ments alimentaires. Consultez un professionnel de sant\u00e9 avant de choisir des compl\u00e9ments, afin d&rsquo;\u00e9viter les surdosages et les interactions avec d&rsquo;autres m\u00e9dicaments.<\/p>\n<h3>Consultez un professionnel de sant\u00e9<\/h3>\n<p>En cas de doute ou de sympt\u00f4mes persistants, n&rsquo;h\u00e9sitez pas \u00e0 consulter un m\u00e9decin ou un <a href=\"https:\/\/www.brulafine.com\/magazine\/limportance-detre-suivi-pendant-sa-perte-de-poids\/\" data-internallinksmanager029f6b8e52c=\"112\" title=\"L'importance d'\u00eatre suivi pendant sa perte de poids\">nutritionniste<\/a>. Ils pourront \u00e9valuer votre \u00e9tat de sant\u00e9 et vous conseiller sur les ajustements en termes de nutrition n\u00e9cessaires pour pr\u00e9venir ou traiter les carences alimentaires.<\/p>\n<p><img class=\"wp-image-152372 size-large\" src=\"https:\/\/www.brulafine.com\/magazine\/wp-content\/uploads\/2023\/04\/manque-vitamines-fatigue-1-1024x683.jpeg\" alt=\"\" width=\"1024\" height=\"683\" srcset=\"https:\/\/www.brulafine.com\/magazine\/wp-content\/uploads\/2023\/04\/manque-vitamines-fatigue-1-1024x683.jpeg 1024w, https:\/\/www.brulafine.com\/magazine\/wp-content\/uploads\/2023\/04\/manque-vitamines-fatigue-1-300x200.jpeg 300w, https:\/\/www.brulafine.com\/magazine\/wp-content\/uploads\/2023\/04\/manque-vitamines-fatigue-1-768x512.jpeg 768w, https:\/\/www.brulafine.com\/magazine\/wp-content\/uploads\/2023\/04\/manque-vitamines-fatigue-1.jpeg 1200w\" sizes=\"(max-width: 1024px) 100vw, 1024px\" \/><\/p>\n<h2>Le diagnostic et le traitement des carences en vitamines et min\u00e9raux<\/h2>\n<h3>Le diagnostic<\/h3>\n<p>Si vous soup\u00e7onnez une carence alimentaire, nous vous sugg\u00e9rons fortement de consulter un professionnel de sant\u00e9. Un bilan sanguin permettra d&rsquo;identifier les \u00e9ventuelles carences alimentaires et d&rsquo;\u00e9valuer votre \u00e9tat de sant\u00e9 g\u00e9n\u00e9ral. Votre m\u00e9decin pourra ensuite vous orienter vers les mesures \u00e0 prendre pour rem\u00e9dier \u00e0 ces d\u00e9ficits nutritionnels.<\/p>\n<h3>Le traitement<\/h3>\n<p>Le traitement des carences d\u00e9pend de la cause et de la gravit\u00e9 de la carence alimentaire. Il peut inclure des modifications en termes de nutrition pour augmenter l&rsquo;apport en nutriments, la prise de compl\u00e9ments alimentaires pour combler les carences alimentaires, ou la prescription de m\u00e9dicaments sp\u00e9cifiques dans certains cas. Suivez les conseils de votre m\u00e9decin et assurez-vous de r\u00e9aliser un suivi r\u00e9gulier pour v\u00e9rifier l&rsquo;\u00e9volution de votre \u00e9tat de sant\u00e9.<\/p>\n<p>La fatigue chronique est un sympt\u00f4me courant pouvant r\u00e9sulter d&rsquo;un manque de vitamines ou de min\u00e9raux. Pour pr\u00e9venir et traiter ces carences, il est essentiel d&rsquo;adopter une alimentation \u00e9quilibr\u00e9e et riche en nutriments, de s&rsquo;exposer r\u00e9guli\u00e8rement au soleil pour favoriser la synth\u00e8se de la vitamine D, et de consulter un professionnel de sant\u00e9 en cas de doute ou de sympt\u00f4mes persistants.<\/p>\n<p>En prenant soin de notre corps et en veillant \u00e0 nos apports en vitamines et min\u00e9raux, nous pouvons contribuer \u00e0 notre bien-\u00eatre et \u00e0 notre \u00e9nergie au quotidien. Prenez soin de vous et n&rsquo;oubliez pas que la sant\u00e9 est notre bien le plus pr\u00e9cieux.<\/p>\n","protected":false},"excerpt":{"rendered":"<p>Nous allons aborder un sujet qui touche un grand nombre d&rsquo;entre nous : la fatigue. Avez-vous d\u00e9j\u00e0 ressenti cette sensation&#8230;<\/p>\n","protected":false},"author":1,"featured_media":152374,"comment_status":"closed","ping_status":"closed","sticky":false,"template":"","format":"standard","meta":{"om_disable_all_campaigns":false,"_monsterinsights_skip_tracking":false,"_monsterinsights_sitenote_active":false,"_monsterinsights_sitenote_note":"","_monsterinsights_sitenote_category":0},"categories":[38],"tags":[],"aioseo_notices":[],"_links":{"self":[{"href":"https:\/\/www.brulafine.com\/magazine\/wp-json\/wp\/v2\/posts\/152373"}],"collection":[{"href":"https:\/\/www.brulafine.com\/magazine\/wp-json\/wp\/v2\/posts"}],"about":[{"href":"https:\/\/www.brulafine.com\/magazine\/wp-json\/wp\/v2\/types\/post"}],"author":[{"embeddable":true,"href":"https:\/\/www.brulafine.com\/magazine\/wp-json\/wp\/v2\/users\/1"}],"replies":[{"embeddable":true,"href":"https:\/\/www.brulafine.com\/magazine\/wp-json\/wp\/v2\/comments?post=152373"}],"version-history":[{"count":1,"href":"https:\/\/www.brulafine.com\/magazine\/wp-json\/wp\/v2\/posts\/152373\/revisions"}],"predecessor-version":[{"id":152483,"href":"https:\/\/www.brulafine.com\/magazine\/wp-json\/wp\/v2\/posts\/152373\/revisions\/152483"}],"wp:featuredmedia":[{"embeddable":true,"href":"https:\/\/www.brulafine.com\/magazine\/wp-json\/wp\/v2\/media\/152374"}],"wp:attachment":[{"href":"https:\/\/www.brulafine.com\/magazine\/wp-json\/wp\/v2\/media?parent=152373"}],"wp:term":[{"taxonomy":"category","embeddable":true,"href":"https:\/\/www.brulafine.com\/magazine\/wp-json\/wp\/v2\/categories?post=152373"},{"taxonomy":"post_tag","embeddable":true,"href":"https:\/\/www.brulafine.com\/magazine\/wp-json\/wp\/v2\/tags?post=152373"}],"curies":[{"name":"wp","href":"https:\/\/api.w.org\/{rel}","templated":true}]}}