{"id":1752,"date":"2021-01-12T08:00:44","date_gmt":"2021-01-12T07:00:44","guid":{"rendered":"https:\/\/www.brulafine.com\/magazine\/?p=1752"},"modified":"2021-01-11T17:26:31","modified_gmt":"2021-01-11T16:26:31","slug":"le-calendrier-des-fruits-et-legumes-de-saison","status":"publish","type":"post","link":"https:\/\/www.brulafine.com\/magazine\/le-calendrier-des-fruits-et-legumes-de-saison\/","title":{"rendered":"Le calendrier des fruits et l\u00e9gumes de saison"},"content":{"rendered":"<p style=\"text-align: justify;\"><b>La nature est bien faite et chaque saison, elle nous offre de d\u00e9licieux fruits et l\u00e9gumes propices \u00e0 de nombreuses recettes gourmandes. D\u00e9couvrez le calendrier des fruits et l\u00e9gumes de saison\u00a0!\u00a0<\/b><\/p>\n<h2 style=\"text-align: left;\"><b>L\u2019hiver\u00a0: place aux soupes et plats g\u00e9n\u00e9reux<\/b><\/h2>\n<p style=\"text-align: justify;\"><span style=\"font-weight: 400;\">Cela n\u2019est pas un secret, l\u2019<a href=\"https:\/\/www.brulafine.com\/magazine\/comment-eviter-de-prendre-du-poids-en-hiver\/\" data-internallinksmanager029f6b8e52c=\"57\" title=\"Comment \u00e9viter de prendre du poids en hiver\u00a0?\">hiver<\/a>, notre corps a besoin de recharger les batteries et de manger <a href=\"https:\/\/www.brulafine.com\/magazine\/faut-il-bannir-la-raclette-pour-un-mode-de-vie-sain\/\">des plats plus consistants.<\/a> Cela tombe bien, <strong>les fruits et l\u00e9gumes hivernaux<\/strong> se pr\u00eatent \u00e0 de bonnes <a href=\"https:\/\/www.brulafine.com\/magazine\/se-nourrir-uniquement-de-soupe-bonne-ou-mauvaise-idee\/\">pr\u00e9parations savoureuses<\/a> et rassasiantes.<\/span><\/p>\n<p style=\"text-align: justify;\"><span style=\"font-weight: 400;\">De d\u00e9cembre \u00e0 mars, on d\u00e9guste au <strong>rayon l\u00e9gumes<\/strong> : la betterave, la carotte, le <a href=\"https:\/\/www.brulafine.com\/magazine\/les-aliments-a-calories-negatives-pour-perdre-du-poids\/\" data-internallinksmanager029f6b8e52c=\"51\" title=\"Les aliments \u00e0 calories n\u00e9gatives pour perdre du poids\">c\u00e9leri<\/a>, le champignon de Paris, le chou, le chou de Bruxelles, le chou-fleur, le cresson, la courge (attention celle-ci s\u2019arr\u00eate en janvier !) l\u2019endive, l\u2019\u00e9chalote (disponible jusqu\u2019\u00e0 la fin de l\u2019automne\/d\u00e9but de l\u2019hiver) la m\u00e2che, le navet, l\u2019oignon, le panais, le poireau, le salsifis et le topinambour.<\/span><\/p>\n<p style=\"text-align: justify;\"><span style=\"font-weight: 400;\"><strong>C\u00f4t\u00e9 fruits,<\/strong> je demande\u00a0: le citron, la cl\u00e9mentine, le kiwi, la mandarine, l\u2019orange, le pamplemousse (\u00e0 partir de f\u00e9vrier), le gingembre, la poire et la pomme.<\/span><\/p>\n<h2 style=\"text-align: justify;\"><b>Le printemps\u00a0: de jolies couleurs dans nos assiettes<\/b><\/h2>\n<p style=\"text-align: justify;\"><span style=\"font-weight: 400;\">Le printemps annonce l\u2019arriv\u00e9e des beaux jours. Progressivement, nos menus se colorent et s\u2019all\u00e8gent. <strong>En avril<\/strong>, on mange : des asperges, des champignons de Paris, du cresson, des endives, des \u00e9pinards, du <a href=\"https:\/\/www.brulafine.com\/magazine\/les-bienfaits-du-fenouil-sur-la-sante\/\">fenouil<\/a>, des navets, des oignons, des poireaux, des radis. <strong>En mai<\/strong>, viennent s\u2019ajouter l\u2019artichaut, le concombre, la courgette, la laitue, les petits pois, puis <strong>en juin<\/strong> : le poivron, la tomate, la blette et les haricots verts !\u00a0<\/span><\/p>\n<p style=\"text-align: justify;\"><span style=\"font-weight: 400;\"><strong>En avril<\/strong>, les becs sucr\u00e9s d\u00e9voreront la fraise, la pomme et la rhubarbe (\u00e9galement pr\u00e9sente en mai), la fraise et le pamplemousse <strong>en mai<\/strong>, et l\u2019abricot, le cassis, la groseille, la cerise, la fraise, la framboise, le melon, le pamplemousse et la rhubarbe <strong>en juin<\/strong>.<\/span><\/p>\n<h2 style=\"text-align: justify;\"><b>L\u2019\u00e9t\u00e9\u00a0: voici venu l\u2019heure des salades et des menus l\u00e9gers<\/b><\/h2>\n<p style=\"text-align: justify;\"><span style=\"font-weight: 400;\">En \u00e9t\u00e9, les v\u00eatements s\u2019all\u00e8gent \u00e0 l\u2019image de nos assiettes. <strong>Au mois de juillet et ao\u00fbt<\/strong>\u00a0: place \u00e0 l\u2019ail, l\u2019artichaut, l\u2019aubergine, la blette, le champignon de Paris, le concombre, la courgette, le fenouil, le haricot vert, la laitue, le ma\u00efs, le petit pois (juillet uniquement), le poivron et la tomate. <strong>En septembre<\/strong>, ajoutez le <a href=\"https:\/\/www.brulafine.com\/magazine\/brocoli-bienfaits-nutritionnels-et-recettes\/\">brocolis<\/a>, la carotte, le chou-fleur, la courge, le cresson, l\u2019\u00e9pinard, l\u2019oignon, le poireau et le potiron.<\/span><\/p>\n<p style=\"text-align: justify;\"><span style=\"font-weight: 400;\">Quid du dessert\u00a0? <strong>En juillet<\/strong> on met dans notre panier\u00a0: de l\u2019abricot, du cassis, des cerises (en juillet uniquement), de la figue, de la fraise, de la framboise, des groseilles, du melon, de la myrtille, de la nectarine et de la prune\u00a0! La pomme, la poire, la m\u00fbre, la mirabelle et la quetsche s\u2019ajoutent aux convives en ao\u00fbt. <strong>En septembre<\/strong>, on se tourne plut\u00f4t vers l\u2019abricot, le cassis, la figue, la framboise, la groseille, le melon, la mirabelle, la m\u00fbre, la myrtille, la nectarine, la poire, la pomme, la prune, le quetsche.<\/span><\/p>\n<h2 style=\"text-align: justify;\"><b>L\u2019automne\u00a0: une saison \u00e0 mi-chemin<\/b><\/h2>\n<p style=\"text-align: justify;\"><span style=\"font-weight: 400;\">La petite laine se fait sentir lors des premi\u00e8res feuilles tomb\u00e9es et l\u2019on n\u2019h\u00e9site pas \u00e0 renforcer quelques peu ses plats d\u2019ingr\u00e9dients plus consistants. <strong>En octobre et novembre<\/strong>, on se tourne vers\u00a0: la betterave, la blette, le brocoli, la carotte, le c\u00e9leri, le champignon de Paris, le chou, le chou de Bruxelles, le chou-fleur, le concombre, la courge, la courgette, le cresson, , l\u2019endive, l\u2019\u00e9pinard, le fenouil, le haricot vert, la m\u00e2che, le navet, le panais, le poireau et le potiron.<\/span><\/p>\n<p style=\"text-align: justify;\"><span style=\"font-weight: 400;\">Chez les fruits, on aborde <strong>en octobre<\/strong>\u00a0: la ch\u00e2taigne, le coing, la figue, la noisette, la noix, la pomme, le quetsche et le raisin. <strong>En novembre<\/strong>, c\u2019est la grande arriv\u00e9e des agrumes\u00a0: citron, cl\u00e9mentine, kiwi, mandarine font leur grande entre entr\u00e9e, aux c\u00f4t\u00e9s de la ch\u00e2taigne, de la poire et de la pomme.<\/span><\/p>\n<h2 style=\"text-align: justify;\"><b>3 jus sp\u00e9cial \u00ab\u00a0coup de fouet\u00a0\u00bb pour bien terminer l\u2019hiver<\/b><\/h2>\n<p style=\"text-align: justify;\"><span style=\"font-weight: 400;\">A la fin de l\u2019hiver, notre corps est souvent fatigu\u00e9 par le froid et le manque de lumi\u00e8re. Rien de tel qu\u2019un petit breuvage vitamin\u00e9 pour repartir de plus belle\u00a0!\u00a0<\/span><\/p>\n<h3><b>Jus d\u2019orange revisite<\/b><\/h3>\n<p style=\"text-align: justify;\"><span style=\"font-weight: 400;\">Prenez 3 carottes coup\u00e9es, une pinc\u00e9e de curcuma en poudre, un pouce de \u00bd citron et son zeste r\u00e2p\u00e9. Passez-le tout au mixeur et le compte est bon\u2026<\/span><\/p>\n<h3><b>Jus rouge betterave<\/b><\/h3>\n<p style=\"text-align: justify;\"><span style=\"font-weight: 400;\">Mixez ensemble\u00a0: 3 betteraves, une orange sans l\u2019\u00e9corce, une pinc\u00e9e de curcuma en poudre et un pouce de gingembre. Le tour est jou\u00e9\u00a0!<\/span><\/p>\n<h3 style=\"text-align: justify;\"><b>Le <\/b><b><i>green juice<\/i><\/b><b> d\u00e9tox<\/b><\/h3>\n<p style=\"text-align: justify;\"><span style=\"font-weight: 400;\">Voil\u00e0 un <a href=\"https:\/\/www.brulafine.com\/magazine\/meilleur-jus-matin-vitamines-sante\/\">jus<\/a> \u00ab\u00a0<\/span><b>green\u00a0<\/b><span style=\"font-weight: 400;\">\u00bb (<\/span><b>\u00e9cologique<\/b><span style=\"font-weight: 400;\">)<\/span> <span style=\"font-weight: 400;\">aussi bien dans son aspect que son contenu\u00a0! On mixe\u00a0: le feuillus de n\u2019importe quel l\u00e9gume, une poire, un pamplemousse et l\u2019on d\u00e9guste\u00a0!<\/span><\/p>\n<p style=\"text-align: justify;\"><span style=\"font-weight: 400;\">Vous souhaitez faire appel \u00e0 des sp\u00e9cialistes de la nutrition pour \u00e9laborer vos menus\u00a0? Nos experts r\u00e9pondent \u00e0 toutes vos questions <a href=\"https:\/\/www.brulafine.com\/\">chez Brulafine<\/a>\u00a0! N\u2019h\u00e9sitez pas \u00e0 nous faire part de vos projets et nous discuterons ensemble d\u2019un programme alimentaire adapt\u00e9 \u00e0 vos besoins.<\/span><\/p>\n","protected":false},"excerpt":{"rendered":"<p>La nature est bien faite et chaque saison, elle nous offre de d\u00e9licieux fruits et l\u00e9gumes propices \u00e0 de nombreuses&#8230;<\/p>\n","protected":false},"author":1,"featured_media":1754,"comment_status":"open","ping_status":"open","sticky":false,"template":"","format":"standard","meta":{"om_disable_all_campaigns":false,"_monsterinsights_skip_tracking":false,"_monsterinsights_sitenote_active":false,"_monsterinsights_sitenote_note":"","_monsterinsights_sitenote_category":0},"categories":[38],"tags":[],"aioseo_notices":[],"_links":{"self":[{"href":"https:\/\/www.brulafine.com\/magazine\/wp-json\/wp\/v2\/posts\/1752"}],"collection":[{"href":"https:\/\/www.brulafine.com\/magazine\/wp-json\/wp\/v2\/posts"}],"about":[{"href":"https:\/\/www.brulafine.com\/magazine\/wp-json\/wp\/v2\/types\/post"}],"author":[{"embeddable":true,"href":"https:\/\/www.brulafine.com\/magazine\/wp-json\/wp\/v2\/users\/1"}],"replies":[{"embeddable":true,"href":"https:\/\/www.brulafine.com\/magazine\/wp-json\/wp\/v2\/comments?post=1752"}],"version-history":[{"count":3,"href":"https:\/\/www.brulafine.com\/magazine\/wp-json\/wp\/v2\/posts\/1752\/revisions"}],"predecessor-version":[{"id":1756,"href":"https:\/\/www.brulafine.com\/magazine\/wp-json\/wp\/v2\/posts\/1752\/revisions\/1756"}],"wp:featuredmedia":[{"embeddable":true,"href":"https:\/\/www.brulafine.com\/magazine\/wp-json\/wp\/v2\/media\/1754"}],"wp:attachment":[{"href":"https:\/\/www.brulafine.com\/magazine\/wp-json\/wp\/v2\/media?parent=1752"}],"wp:term":[{"taxonomy":"category","embeddable":true,"href":"https:\/\/www.brulafine.com\/magazine\/wp-json\/wp\/v2\/categories?post=1752"},{"taxonomy":"post_tag","embeddable":true,"href":"https:\/\/www.brulafine.com\/magazine\/wp-json\/wp\/v2\/tags?post=1752"}],"curies":[{"name":"wp","href":"https:\/\/api.w.org\/{rel}","templated":true}]}}