{"id":203751,"date":"2023-06-25T07:30:00","date_gmt":"2023-06-25T05:30:00","guid":{"rendered":"https:\/\/www.brulafine.com\/magazine\/?p=203751"},"modified":"2023-06-22T11:39:08","modified_gmt":"2023-06-22T09:39:08","slug":"vitamines-essentielles-ete-sante","status":"publish","type":"post","link":"https:\/\/www.brulafine.com\/magazine\/vitamines-essentielles-ete-sante\/","title":{"rendered":"Quelles sont les vitamines \u00e0 prendre en \u00e9t\u00e9 ?"},"content":{"rendered":"<p>Avec l&rsquo;arriv\u00e9e des beaux jours, notre mode de vie change. Nous profitons davantage des espaces ext\u00e9rieurs, notre corps s&rsquo;active et nos besoins alimentaires s&rsquo;adaptent. Cette p\u00e9riode estivale, riche en couleurs et en saveurs, est le moment id\u00e9al pour r\u00e9ajuster notre alimentation et optimiser notre apport en vitamines. D\u00e9couvrez, dans cet article, les vitamines essentielles \u00e0 prendre pendant l&rsquo;\u00e9t\u00e9 et comment optimiser votre alimentation pour soutenir votre <a href=\"https:\/\/www.brulafine.com\/magazine\/perdre-du-poids-pour-etre-en-bonne-sante\/\" data-internallinksmanager029f6b8e52c=\"9\" title=\"Bonne - sant\u00e9\">sant\u00e9<\/a>.<\/p>\n<h2>Vitamines d&rsquo;\u00c9t\u00e9 : des nutriments indispensables pour notre organisme<\/h2>\n<p>Les vitamines se distinguent par leur r\u00f4le dans le maintien d&rsquo;un organisme en pleine sant\u00e9. Ces \u00e9l\u00e9ments nutritionnels sont d&rsquo;une importance capitale pour assurer le bon d\u00e9roulement de nombreuses fonctions physiologiques. Elles participent activement \u00e0 la fortification de notre syst\u00e8me immunitaire et \u00e0 la pr\u00e9servation de notre sant\u00e9 globale. Pendant l&rsquo;\u00e9t\u00e9, notre corps se retrouve confront\u00e9 \u00e0 des conditions climatiques sp\u00e9cifiques qui exigent une adaptation de nos besoins et de nos comportements alimentaires. Certains types de vitamines deviennent donc encore plus essentiels pendant cette saison estivale.<\/p>\n<h3>Vitamine D : l&rsquo;alli\u00e9e solaire de votre organisme<\/h3>\n<p>Parler de la vitamine D est particuli\u00e8rement pertinent lorsqu&rsquo;on \u00e9voque l&rsquo;\u00e9t\u00e9. Cette vitamine est plus facilement assimilable par notre organisme durant cette saison gr\u00e2ce \u00e0 l&rsquo;augmentation de l&rsquo;ensoleillement. Le soleil n&rsquo;est pas seulement source de chaleur et de luminosit\u00e9, il s&rsquo;av\u00e8re \u00eatre \u00e9galement une source majeure de vitamine D.<\/p>\n<p>Cette derni\u00e8re est synth\u00e9tis\u00e9e naturellement par notre corps lors de l&rsquo;exposition de notre peau aux rayons solaires. Il s&rsquo;agit d&rsquo;une vitamine liposoluble qui occupe un r\u00f4le central dans le renforcement de notre <strong>syst\u00e8me immunitaire<\/strong>. Elle est \u00e9galement impliqu\u00e9e dans l&rsquo;absorption du <a href=\"https:\/\/www.brulafine.com\/magazine\/le-calcium-ou-et-pourquoi\/\" data-internallinksmanager029f6b8e52c=\"66\" title=\"Le calcium : o\u00f9 et pourquoi ?\">calcium<\/a>, un min\u00e9ral indispensable \u00e0 la solidit\u00e9 de nos os et \u00e0 la sant\u00e9 de nos dents, et elle contribue \u00e0 la sant\u00e9 de notre peau, un atout non n\u00e9gligeable en p\u00e9riode estivale.<\/p>\n<h3>Vitamine C : un boosteur de votre \u00e9nergie et de votre peau<\/h3>\n<p>La vitamine C, connue \u00e9galement sous le nom d&rsquo;acide ascorbique, est une vitamine hydrosoluble r\u00e9put\u00e9e pour ses multiples atouts sant\u00e9. Elle contribue \u00e0 dynamiser notre <strong>syst\u00e8me immunitaire<\/strong>, qui nous aide \u00e0 mieux r\u00e9sister aux diverses agressions ext\u00e9rieures, notamment les infections. La vitamine C participe \u00e0 la synth\u00e8se du collag\u00e8ne, une <a href=\"https:\/\/www.brulafine.com\/magazine\/le-regime-hyperproteine-quesaco\/\" data-internallinksmanager029f6b8e52c=\"48\" title=\"Le r\u00e9gime hyperprot\u00e9in\u00e9\u00a0: qu\u00e8saco\u00a0?\">prot\u00e9ine<\/a> fondamentale pour assurer la sant\u00e9 et la beaut\u00e9 de notre peau.<\/p>\n<p>Cette vitamine exerce un effet <strong><a href=\"https:\/\/www.brulafine.com\/magazine\/zoom-sur-les-antioxydants\/\" data-internallinksmanager029f6b8e52c=\"46\" title=\"Zoom sur les antioxydants\u00a0!\">antioxydant<\/a><\/strong>, permettant de prot\u00e9ger nos cellules contre le <a href=\"https:\/\/www.brulafine.com\/magazine\/les-meilleurs-aliments-anti-stress-pour-une-rentree-zen\/\" data-internallinksmanager029f6b8e52c=\"24\" title=\"anti-stress\">stress<\/a> oxydatif caus\u00e9 par les radicaux libres. En \u00e9t\u00e9, une large vari\u00e9t\u00e9 de fruits gorg\u00e9s de vitamine C s&rsquo;offre \u00e0 nous. N&rsquo;h\u00e9sitez donc pas \u00e0 consommer des oranges, des fraises ou encore des kiwis pour optimiser votre apport.<\/p>\n<h3>Vitamine E : un bouclier naturel pour votre peau<\/h3>\n<p>La vitamine E figure parmi les vitamines liposolubles qui m\u00e9ritent une attention particuli\u00e8re, surtout pendant l&rsquo;\u00e9t\u00e9. Elle se distingue par sa capacit\u00e9 \u00e0 <strong>prot\u00e9ger notre peau<\/strong> contre les dommages occasionn\u00e9s par l&rsquo;exposition aux rayons UV du soleil. Pour booster votre apport en vitamine E et profiter pleinement des journ\u00e9es ensoleill\u00e9es, ajoutez dans votre alimentation des aliments riches en cette vitamine, tels que les noix, les graines de diff\u00e9rentes vari\u00e9t\u00e9s, ainsi que les l\u00e9gumes verts \u00e0 feuilles comme les \u00e9pinards ou la roquette.<\/p>\n<p><img class=\"wp-image-203749 size-large\" src=\"https:\/\/www.brulafine.com\/magazine\/wp-content\/uploads\/2023\/06\/vitamines-essentielles-ete-sante-0-1024x683.jpeg\" alt=\"\" width=\"1024\" height=\"683\" srcset=\"https:\/\/www.brulafine.com\/magazine\/wp-content\/uploads\/2023\/06\/vitamines-essentielles-ete-sante-0-1024x683.jpeg 1024w, https:\/\/www.brulafine.com\/magazine\/wp-content\/uploads\/2023\/06\/vitamines-essentielles-ete-sante-0-300x200.jpeg 300w, https:\/\/www.brulafine.com\/magazine\/wp-content\/uploads\/2023\/06\/vitamines-essentielles-ete-sante-0-768x512.jpeg 768w, https:\/\/www.brulafine.com\/magazine\/wp-content\/uploads\/2023\/06\/vitamines-essentielles-ete-sante-0.jpeg 1200w\" sizes=\"(max-width: 1024px) 100vw, 1024px\" \/><\/p>\n<h2>Les aliments et compl\u00e9ments alimentaires : des sources diversifi\u00e9es de vitamines<\/h2>\n<p>Diversifier son alimentation est la premi\u00e8re et la plus naturelle des strat\u00e9gies pour faire le plein de vitamines n\u00e9cessaires au bon fonctionnement de notre organisme. Une grande vari\u00e9t\u00e9 d&rsquo;aliments permet en effet d&rsquo;obtenir une palette compl\u00e8te de vitamines et de min\u00e9raux. Certains aliments sont particuli\u00e8rement riches en vitamines et devraient faire partie de notre menu, en particulier durant les mois d&rsquo;\u00e9t\u00e9.<\/p>\n<p>Pour obtenir une bonne dose de vitamines \u00e0 travers notre alimentation, nous vous conseillons de privil\u00e9gier les fruits et les l\u00e9gumes frais et de saison, qui offrent une richesse nutritionnelle incomparable.<\/p>\n<ul>\n<li>La <strong>vitamine C <\/strong>se retrouve en abondance dans les agrumes comme les oranges, les pamplemousses et les citrons, mais aussi dans les fraises, les kiwis et les poivrons.<\/li>\n<li>La <strong>vitamine E<\/strong>, quant \u00e0 elle, se retrouve surtout dans les aliments comme les \u00e9pinards, le brocoli, les noix et les graines, ou encore dans l&rsquo;<a href=\"https:\/\/www.brulafine.com\/magazine\/faut-il-supprimer-lhuile\/\" data-internallinksmanager029f6b8e52c=\"58\" title=\"Faut-il supprimer l\u2019huile ?\">huile<\/a> d&rsquo;olive et de tournesol.<\/li>\n<\/ul>\n<p>Mais, malgr\u00e9 une <a href=\"https:\/\/www.brulafine.com\/magazine\/une-alimentation-equilibree-quest-ce-que-cest\/\" data-internallinksmanager029f6b8e52c=\"82\" title=\"Une alimentation \u00e9quilibr\u00e9e : qu\u2019est-ce que c\u2019est ?\">alimentation \u00e9quilibr\u00e9e<\/a> et diversifi\u00e9e, il peut arriver que notre apport en vitamines soit insuffisant. Dans ce cas, les compl\u00e9ments alimentaires peuvent \u00eatre envisag\u00e9s pour pallier ces <a href=\"https:\/\/www.brulafine.com\/magazine\/comment-eviter-les-carences-alimentaires\/\" data-internallinksmanager029f6b8e52c=\"107\" title=\"Comment \u00e9viter les carences alimentaires ?\">carences<\/a> car ils offrent un apport cibl\u00e9 et contr\u00f4l\u00e9 de vitamines.<\/p>\n<p>N\u00e9anmoins, l&rsquo;utilisation de ces compl\u00e9ments doit \u00eatre consid\u00e9r\u00e9e avec prudence. L&rsquo;Agence Nationale de S\u00e9curit\u00e9 Sanitaire de l&rsquo;Alimentation, de l&rsquo;Environnement et du Travail (ANSES) met en effet en garde contre les risques potentiels de <strong>surdosage <\/strong>et <strong>d&rsquo;interactions <\/strong>entre les diff\u00e9rents composants pr\u00e9sents dans ces compl\u00e9ments. Elle recommande de toujours privil\u00e9gier les apports naturels \u00e0 travers l&rsquo;alimentation avant de recourir aux compl\u00e9ments. Par ailleurs, nous vous sugg\u00e9rons de consulter un professionnel de sant\u00e9 avant de commencer la prise de compl\u00e9ments alimentaires pour s&rsquo;assurer de leur pertinence et s\u00e9curit\u00e9 d&rsquo;utilisation.<\/p>\n<h2>Les min\u00e9raux, des alli\u00e9s de taille en \u00e9t\u00e9<\/h2>\n<p>En parall\u00e8le de l&rsquo;attention port\u00e9e aux vitamines pendant l&rsquo;\u00e9t\u00e9, il ne faut pas oublier l&rsquo;importance des min\u00e9raux pour notre corps. Leur r\u00f4le est tout aussi capital dans le maintien de notre bien-\u00eatre et de notre sant\u00e9, surtout lorsque les temp\u00e9ratures grimpent. Trois min\u00e9raux se distinguent particuli\u00e8rement : le calcium, le magn\u00e9sium et le fer. Explorons ensemble pourquoi ils sont si n\u00e9cessaires pour notre organisme et o\u00f9 les trouver.<\/p>\n<h3>Calcium<\/h3>\n<p>Connaissez-vous le r\u00f4le du calcium ? Ce min\u00e9ral est une composante essentielle de nos os et de nos dents, les aidant \u00e0 rester solides et r\u00e9sistants. Mais les b\u00e9n\u00e9fices du calcium ne s&rsquo;arr\u00eatent pas l\u00e0. Il contribue \u00e9galement au <strong>bon fonctionnement de notre syst\u00e8me nerveux<\/strong>, en participant \u00e0 la transmission de l&rsquo;influx nerveux, et de notre syst\u00e8me musculaire, en aidant \u00e0 la contraction musculaire. Pour renforcer votre apport en calcium, plusieurs aliments peuvent \u00eatre incorpor\u00e9s dans votre alimentation quotidienne :<\/p>\n<ul>\n<li>Produits laitiers tels que le lait, le fromage et le yaourt.<\/li>\n<li>L\u00e9gumes \u00e0 feuilles vertes comme le brocoli et les \u00e9pinards apportent \u00e9galement une bonne dose de calcium.<\/li>\n<li>Les poissons \u00e0 ar\u00eates comestibles, tels que les sardines, sont une autre source de calcium \u00e0 ne pas n\u00e9gliger.<\/li>\n<\/ul>\n<h3>Magn\u00e9sium<\/h3>\n<p>Le magn\u00e9sium est un autre min\u00e9ral qui m\u00e9rite notre attention. C&rsquo;est un v\u00e9ritable chef d&rsquo;orchestre dans notre corps, intervenant dans plus de 300 r\u00e9actions biochimiques. Il aide notamment notre corps \u00e0 produire de l&rsquo;\u00e9nergie et \u00e0 maintenir une <strong>fonction musculaire normale<\/strong>. Pour augmenter votre apport en magn\u00e9sium, vous pouvez ajouter \u00e0 votre alimentation les aliments suivants :<\/p>\n<ul>\n<li>Noix, comme les <a href=\"https:\/\/www.brulafine.com\/magazine\/quels-sont-les-coupe-faim-naturels\/\" data-internallinksmanager029f6b8e52c=\"80\" title=\"Quels sont les coupe-faim naturels\u00a0?\">amandes<\/a>, les noix de cajou et les noix du Br\u00e9sil<\/li>\n<li>Graines, comme les graines de tournesol, de lin et de chia, regorgent \u00e9galement de magn\u00e9sium.<\/li>\n<li>L\u00e9gumes \u00e0 feuilles vertes, tels que les \u00e9pinards et le chou fris\u00e9, sont riches en magn\u00e9sium en plus du calcium.<\/li>\n<li>Le chocolat noir est une source de plaisir qui offre \u00e9galement un bon apport en magn\u00e9sium.<\/li>\n<\/ul>\n<h3>Fer<\/h3>\n<p>Le fer est essentiel pour le <strong>transport de l&rsquo;oxyg\u00e8ne<\/strong> dans notre corps. Sans lui, nos cellules ne pourraient pas obtenir l&rsquo;oxyg\u00e8ne dont elles ont besoin pour fonctionner correctement. Pour augmenter votre apport en fer, misez sur ces aliments :<\/p>\n<ul>\n<li>Encore une fois, les l\u00e9gumes verts \u00e0 feuilles, comme les \u00e9pinards, le chou fris\u00e9 et le cresson, sont des sources <a href=\"https:\/\/www.brulafine.com\/magazine\/regime-et-vegetarisme-sont-ils-compatibles\/\" data-internallinksmanager029f6b8e52c=\"35\" title=\"R\u00e9gime et v\u00e9g\u00e9tarisme sont-ils compatibles ?\">v\u00e9g\u00e9tales<\/a> de fer.<\/li>\n<li>Les lentilles, qui sont particuli\u00e8rement riches en fer.<\/li>\n<li>La viande rouge, comme le b\u0153uf et l&rsquo;agneau, offre un fer facilement absorb\u00e9 par le corps.<\/li>\n<\/ul>\n<p><img class=\"wp-image-203750 size-large\" src=\"https:\/\/www.brulafine.com\/magazine\/wp-content\/uploads\/2023\/06\/vitamines-essentielles-ete-sante-1-1024x683.jpeg\" alt=\"\" width=\"1024\" height=\"683\" srcset=\"https:\/\/www.brulafine.com\/magazine\/wp-content\/uploads\/2023\/06\/vitamines-essentielles-ete-sante-1-1024x683.jpeg 1024w, https:\/\/www.brulafine.com\/magazine\/wp-content\/uploads\/2023\/06\/vitamines-essentielles-ete-sante-1-300x200.jpeg 300w, https:\/\/www.brulafine.com\/magazine\/wp-content\/uploads\/2023\/06\/vitamines-essentielles-ete-sante-1-768x512.jpeg 768w, https:\/\/www.brulafine.com\/magazine\/wp-content\/uploads\/2023\/06\/vitamines-essentielles-ete-sante-1.jpeg 1200w\" sizes=\"(max-width: 1024px) 100vw, 1024px\" \/><\/p>\n<h2>Pr\u00e9server sa peau en \u00e9t\u00e9 : le r\u00f4le des vitamines<\/h2>\n<p>La saison estivale offre de nombreux plaisirs, notamment la joie des journ\u00e9es ensoleill\u00e9es. Mais cette exposition accrue au soleil signifie \u00e9galement que notre peau est davantage <strong>expos\u00e9e aux rayons ultraviolets<\/strong> (UV). Ces derniers, bien que source de vitamine D, peuvent avoir un effet n\u00e9faste sur notre peau, acc\u00e9l\u00e9rant le vieillissement cutan\u00e9 et augmentant les risques de dommages cellulaires. Dans ce contexte, il devient vital de prendre soin de notre peau.<\/p>\n<p>Parmi les armes dont dispose notre organisme pour prot\u00e9ger notre peau, les vitamines C et E sont particuli\u00e8rement pr\u00e9cieuses. Ces vitamines, dot\u00e9es de propri\u00e9t\u00e9s <strong>antioxydantes<\/strong>, participent \u00e0 la lutte contre les radicaux libres g\u00e9n\u00e9r\u00e9s par l&rsquo;exposition au soleil. Elles contribuent aussi au maintien de l&rsquo;\u00e9lasticit\u00e9 et de la sant\u00e9 globale de la peau.<\/p>\n<p>Pour b\u00e9n\u00e9ficier de ces bienfaits et soutenir la sant\u00e9 de votre peau pendant l&rsquo;\u00e9t\u00e9, voici quelques <a href=\"https:\/\/www.brulafine.com\/magazine\/les-conseils-a-ne-pas-suivre-pour-perdre-du-poids\/\" data-internallinksmanager029f6b8e52c=\"69\" title=\"Les conseils \u00e0 ne pas suivre pour perdre du poids\">conseils<\/a> pour augmenter votre apport en vitamines C et E, que ce soit \u00e0 travers votre alimentation ou l&rsquo;utilisation de compl\u00e9ments alimentaires :<\/p>\n<ul>\n<li><strong>Consommer des <a href=\"https:\/\/www.brulafine.com\/magazine\/le-calendrier-des-fruits-et-legumes-de-saison\/\" data-internallinksmanager029f6b8e52c=\"110\" title=\"Le calendrier des fruits et l\u00e9gumes de saison\">fruits et l\u00e9gumes<\/a> riches en vitamine C<\/strong> : Les oranges, les kiwis, les fraises et les poivrons rouges sont d&rsquo;excellentes sources de vitamine C.<\/li>\n<li><strong>Inclure des aliments riches en vitamine E dans votre alimentation<\/strong> : Pour augmenter votre apport en vitamine E, privil\u00e9giez les graines, les noix, le poisson, les \u00e9pinards et le brocoli.<\/li>\n<li><strong>Envisager l&rsquo;usage de compl\u00e9ments alimentaires<\/strong> : Si votre alimentation ne suffit pas \u00e0 couvrir vos besoins en vitamines, les compl\u00e9ments alimentaires peuvent \u00eatre une solution.<\/li>\n<\/ul>\n<p>L&rsquo;\u00e9t\u00e9 est une saison o\u00f9 le besoin d&rsquo;une alimentation riche en vitamines est n\u00e9cessaire pour notre corps. En optimisant notre apport en vitamines et min\u00e9raux, nous pouvons non seulement profiter pleinement de l&rsquo;\u00e9t\u00e9, mais aussi veiller \u00e0 pr\u00e9server notre sant\u00e9. Cependant, chaque personne est unique et a des besoins sp\u00e9cifiques. Il est donc toujours pr\u00e9f\u00e9rable de consulter un professionnel de sant\u00e9 pour une \u00e9valuation personnalis\u00e9e de vos besoins nutritionnels. Profitez de l&rsquo;\u00e9t\u00e9, tout en gardant une alimentation saine et \u00e9quilibr\u00e9e !<\/p>\n","protected":false},"excerpt":{"rendered":"<p>Avec l&rsquo;arriv\u00e9e des beaux jours, notre mode de vie change. Nous profitons davantage des espaces ext\u00e9rieurs, notre corps s&rsquo;active et&#8230;<\/p>\n","protected":false},"author":1,"featured_media":203752,"comment_status":"closed","ping_status":"closed","sticky":false,"template":"","format":"standard","meta":{"om_disable_all_campaigns":false,"_monsterinsights_skip_tracking":false,"_monsterinsights_sitenote_active":false,"_monsterinsights_sitenote_note":"","_monsterinsights_sitenote_category":0},"categories":[38],"tags":[],"aioseo_notices":[],"_links":{"self":[{"href":"https:\/\/www.brulafine.com\/magazine\/wp-json\/wp\/v2\/posts\/203751"}],"collection":[{"href":"https:\/\/www.brulafine.com\/magazine\/wp-json\/wp\/v2\/posts"}],"about":[{"href":"https:\/\/www.brulafine.com\/magazine\/wp-json\/wp\/v2\/types\/post"}],"author":[{"embeddable":true,"href":"https:\/\/www.brulafine.com\/magazine\/wp-json\/wp\/v2\/users\/1"}],"replies":[{"embeddable":true,"href":"https:\/\/www.brulafine.com\/magazine\/wp-json\/wp\/v2\/comments?post=203751"}],"version-history":[{"count":1,"href":"https:\/\/www.brulafine.com\/magazine\/wp-json\/wp\/v2\/posts\/203751\/revisions"}],"predecessor-version":[{"id":203943,"href":"https:\/\/www.brulafine.com\/magazine\/wp-json\/wp\/v2\/posts\/203751\/revisions\/203943"}],"wp:featuredmedia":[{"embeddable":true,"href":"https:\/\/www.brulafine.com\/magazine\/wp-json\/wp\/v2\/media\/203752"}],"wp:attachment":[{"href":"https:\/\/www.brulafine.com\/magazine\/wp-json\/wp\/v2\/media?parent=203751"}],"wp:term":[{"taxonomy":"category","embeddable":true,"href":"https:\/\/www.brulafine.com\/magazine\/wp-json\/wp\/v2\/categories?post=203751"},{"taxonomy":"post_tag","embeddable":true,"href":"https:\/\/www.brulafine.com\/magazine\/wp-json\/wp\/v2\/tags?post=203751"}],"curies":[{"name":"wp","href":"https:\/\/api.w.org\/{rel}","templated":true}]}}