{"id":203755,"date":"2023-06-27T07:30:00","date_gmt":"2023-06-27T05:30:00","guid":{"rendered":"https:\/\/www.brulafine.com\/magazine\/?p=203755"},"modified":"2023-06-22T11:38:49","modified_gmt":"2023-06-22T09:38:49","slug":"perte-de-poids-ete","status":"publish","type":"post","link":"https:\/\/www.brulafine.com\/magazine\/perte-de-poids-ete\/","title":{"rendered":"Est-il plus facile de maigrir en \u00e9t\u00e9 ?"},"content":{"rendered":"<p>L&rsquo;\u00e9t\u00e9, avec sa luminosit\u00e9 \u00e9clatante et ses journ\u00e9es plus longues, est souvent synonyme de l\u00e9g\u00e8ret\u00e9 et de renouveau. Durant cette saison, nous adoptons une garde-robe plus l\u00e9g\u00e8re, mettant de c\u00f4t\u00e9 les \u00e9pais v\u00eatements d&rsquo;<a href=\"https:\/\/www.brulafine.com\/magazine\/comment-eviter-de-prendre-du-poids-en-hiver\/\" data-internallinksmanager029f6b8e52c=\"57\" title=\"Comment \u00e9viter de prendre du poids en hiver\u00a0?\">hiver<\/a>. C&rsquo;est aussi le moment o\u00f9 nous succombons volontiers au charme des fruits frais et color\u00e9s, savourant leur douceur tout en nourrissant notre corps avec leurs bienfaits nutritifs. Par ailleurs, la saison estivale offre \u00e9galement une myriade d&rsquo;opportunit\u00e9s pour pratiquer diverses activit\u00e9s de plein air, favorisant la d\u00e9pense de <a href=\"https:\/\/www.brulafine.com\/magazine\/toutes-les-calories-ne-se-valent-pas\/\" data-internallinksmanager029f6b8e52c=\"2\" title=\"Calories\">calories<\/a>. Mais la question se pose : est-ce r\u00e9ellement plus facile de <a href=\"https:\/\/www.brulafine.com\/magazine\/perdre-du-poids-pour-etre-en-bonne-sante\/\" data-internallinksmanager029f6b8e52c=\"9\" title=\"Bonne - sant\u00e9\">perdre du poids<\/a> pendant ces mois ensoleill\u00e9s ?<\/p>\n<h2>L&rsquo;\u00e9t\u00e9, une saison privil\u00e9gi\u00e9e pour une perte de poids efficace ?<\/h2>\n<p>Une des pierres angulaires de la perte de poids est sans doute l&rsquo;\u00e9quilibre alimentaire. \u00c0 l&rsquo;approche de l&rsquo;\u00e9t\u00e9, notre organisme se r\u00e9oriente naturellement vers une<strong> alimentation plus l\u00e9g\u00e8re<\/strong>, un penchant facilit\u00e9 par la profusion de l\u00e9gumes et fruits frais qui marquent cette saison. Face \u00e0 l&rsquo;abondance de ces aliments naturellement riches en vitamines, fibres et eau, la tentation de se tourner vers des aliments lourds et riches en graisses ou en <a href=\"https:\/\/www.brulafine.com\/magazine\/differencier-le-bon-sucre-du-mauvais\/\" data-internallinksmanager029f6b8e52c=\"60\" title=\"Diff\u00e9rencier le bon sucre du mauvais\">sucre<\/a> s&rsquo;amenuise. Nous privil\u00e9gions instinctivement les repas faits \u00e0 partir de <strong>produits frais et de saison<\/strong>, aidant ainsi notre corps \u00e0 br\u00fbler des graisses plus facilement et efficacement.<\/p>\n<p>Au-del\u00e0 de l&rsquo;alimentation, l&rsquo;activit\u00e9 physique occupe une place de choix dans le processus de perte de poids. L&rsquo;\u00e9t\u00e9, avec son climat chaleureux et ses journ\u00e9es rallong\u00e9es, constitue un terrain favorable \u00e0 la <strong>pratique sportive<\/strong>. Que cela soit une s\u00e9ance de <a href=\"https:\/\/www.brulafine.com\/magazine\/quels-sports-pour-avoir-un-ventre-plat\/\" data-internallinksmanager029f6b8e52c=\"86\" title=\"Quels sports pour avoir un ventre plat ?\">cardio<\/a> intensif en pleine nature, une promenade \u00e0 pied le long des plages dor\u00e9es ou un entra\u00eenement de renforcement musculaire au c\u0153ur d&rsquo;un parc, toutes ces activit\u00e9s favorisent la combustion des calories. Cette d\u00e9pense calorique, quand elle est r\u00e9guli\u00e8re et associ\u00e9e \u00e0 une <a href=\"https:\/\/www.brulafine.com\/magazine\/une-alimentation-equilibree-quest-ce-que-cest\/\" data-internallinksmanager029f6b8e52c=\"82\" title=\"Une alimentation \u00e9quilibr\u00e9e : qu\u2019est-ce que c\u2019est ?\">alimentation saine<\/a>, facilite la perte de kilos superflus et soutient notre qu\u00eate de <strong>minceur<\/strong>.<\/p>\n<p><img class=\"wp-image-203753 size-large\" src=\"https:\/\/www.brulafine.com\/magazine\/wp-content\/uploads\/2023\/06\/perte-de-poids-ete-0-1024x683.jpeg\" alt=\"\" width=\"1024\" height=\"683\" srcset=\"https:\/\/www.brulafine.com\/magazine\/wp-content\/uploads\/2023\/06\/perte-de-poids-ete-0-1024x683.jpeg 1024w, https:\/\/www.brulafine.com\/magazine\/wp-content\/uploads\/2023\/06\/perte-de-poids-ete-0-300x200.jpeg 300w, https:\/\/www.brulafine.com\/magazine\/wp-content\/uploads\/2023\/06\/perte-de-poids-ete-0-768x512.jpeg 768w, https:\/\/www.brulafine.com\/magazine\/wp-content\/uploads\/2023\/06\/perte-de-poids-ete-0.jpeg 1200w\" sizes=\"(max-width: 1024px) 100vw, 1024px\" \/><\/p>\n<h2>Comment notre corps r\u00e9agit-il en \u00e9t\u00e9 ?<\/h2>\n<p>Le corps humain, v\u00e9ritable chef d&rsquo;\u0153uvre d&rsquo;ing\u00e9nierie biologique, est dot\u00e9 d&rsquo;une extraordinaire capacit\u00e9 d&rsquo;adaptation aux variations saisonni\u00e8res. En \u00e9t\u00e9, la r\u00e9action de notre organisme face \u00e0 la hausse des temp\u00e9ratures peut influencer notre ligne et nos kilos sur la balance.<\/p>\n<p>Lorsque le mercure grimpe, notre corps d\u00e9ploie des strat\u00e9gies ing\u00e9nieuses pour maintenir une temp\u00e9rature interne constante, autour de 37 degr\u00e9s. C&rsquo;est ce que l&rsquo;on appelle la <strong>thermor\u00e9gulation<\/strong>. Cette lutte contre la chaleur entra\u00eene une l\u00e9g\u00e8re acc\u00e9l\u00e9ration de notre m\u00e9tabolisme, signifiant que notre organisme travaille un peu plus dur, m\u00eame au <a href=\"https:\/\/www.brulafine.com\/magazine\/le-manque-de-sommeil-fait-il-grossir\/\" data-internallinksmanager029f6b8e52c=\"117\" title=\"Le manque de sommeil fait-il grossir ?\">repos<\/a>.<\/p>\n<p>Cette activit\u00e9 renforc\u00e9e se traduit par une<strong>combustion suppl\u00e9mentaire de calories<\/strong>. Mais malgr\u00e9 cet effet stimulant sur notre m\u00e9tabolisme, l&rsquo;augmentation de la <a href=\"https:\/\/www.brulafine.com\/magazine\/quels-sont-mes-besoins-energetiques\/\" data-internallinksmanager029f6b8e52c=\"38\" title=\"Quels sont mes besoins \u00e9nerg\u00e9tiques\u00a0?\">d\u00e9pense \u00e9nerg\u00e9tique<\/a> n&rsquo;est g\u00e9n\u00e9ralement pas assez significative pour engendrer une perte de poids cons\u00e9quente.<\/p>\n<p>Au c\u0153ur de l&rsquo;\u00e9t\u00e9, notre corps a \u00e9galement recourt \u00e0 la transpiration pour \u00e9vacuer le surplus de chaleur et maintenir notre <a href=\"https:\/\/www.brulafine.com\/magazine\/la-thermogenese-quest-ce-que-cest\/\" data-internallinksmanager029f6b8e52c=\"64\" title=\"La thermogen\u00e8se : qu'est-ce que c'est ?\">temp\u00e9rature corporelle<\/a> stable. Il s&rsquo;ensuit que nous perdons plus d&rsquo;eau par la peau, se traduisant par une diminution de notre poids sur la balance. Mais ne tombez pas dans le pi\u00e8ge : cette perte de poids \u00e9ph\u00e9m\u00e8re n&rsquo;est pas une r\u00e9duction de la masse grasse.<\/p>\n<p>En r\u00e9alit\u00e9, c&rsquo;est notre niveau d&rsquo;hydratation qui fluctue. Il est donc capital de compenser cette perte d&rsquo;eau en buvant suffisamment, pour \u00e9viter la d\u00e9shydratation et maintenir une sant\u00e9 optimale. Une <strong>hydratation ad\u00e9quate<\/strong> favorise d&rsquo;ailleurs l&rsquo;\u00e9limination des toxines, un aspect non n\u00e9gligeable dans une d\u00e9marche minceur.<\/p>\n<h2>L&rsquo;\u00e9t\u00e9 favorise-t-il r\u00e9ellement une alimentation plus saine ?<\/h2>\n<p>Lorsque l&rsquo;\u00e9t\u00e9 s&rsquo;installe, une modification notable se fait sentir dans notre organisme : notre app\u00e9tit peut se faire plus discret. Cette baisse de l&rsquo;envie de manger est en partie attribu\u00e9e \u00e0 l&rsquo;\u00e9l\u00e9vation de la temp\u00e9rature ambiante, qui a tendance \u00e0 <strong>r\u00e9duire nos pulsions alimentaires<\/strong>. L&rsquo;offre abondante d&rsquo;aliments saisonniers, naturellement<strong> faibles en calories<\/strong> mais riches en eau et <a href=\"https:\/\/www.brulafine.com\/magazine\/tout-savoir-sur-les-aliments-superfood-nos-essentiels-au-quotidien\/\" data-internallinksmanager029f6b8e52c=\"27\" title=\"Tout savoir sur les aliments superfood\u00a0: nos essentiels au quotidien\u00a0!\">nutriments<\/a> essentiels, guide notre alimentation vers des choix plus sains et b\u00e9n\u00e9fiques pour notre ligne.<\/p>\n<p>Des repas compos\u00e9s de salades de l\u00e9gumes frais et color\u00e9s, de fruits juteux pleins de vitamines, de <a href=\"https:\/\/www.brulafine.com\/magazine\/le-regime-hyperproteine-quesaco\/\" data-internallinksmanager029f6b8e52c=\"48\" title=\"Le r\u00e9gime hyperprot\u00e9in\u00e9\u00a0: qu\u00e8saco\u00a0?\">prot\u00e9ines<\/a> maigres cuites au grill, voil\u00e0 qui \u00e9voque un r\u00e9gime estival typique. Ces aliments, moins caloriques et plus <strong>rassasiants<\/strong>, sont nos alli\u00e9s dans le processus de perte de poids, surtout compar\u00e9s aux plats lourds et r\u00e9confortants qui caract\u00e9risent souvent les menus d&rsquo;hiver.<\/p>\n<p>L&rsquo;\u00e9t\u00e9, avec ses longues journ\u00e9es ensoleill\u00e9es et ses soir\u00e9es douces, peut aussi \u00eatre un terrain fertile pour certaines tentations alimentaires. Les glaces aux parfums multiples, les grillades savoureuses lors des barbecues, les chips et autres ap\u00e9ritifs partag\u00e9s entre amis lors des pique-niques, ces petits plaisirs estivaux peuvent, s&rsquo;ils ne sont pas g\u00e9r\u00e9s avec <strong>mod\u00e9ration<\/strong>, augmenter consid\u00e9rablement notre apport calorique quotidien.<\/p>\n<p>Ainsi, m\u00eame si l&rsquo;\u00e9t\u00e9 nous incite naturellement \u00e0 adopter une alimentation plus l\u00e9g\u00e8re, nous devons rester vigilants. Il faut donc rester \u00eatre attentif \u00e0 ce que nous mettons dans notre assiette, <strong>\u00e9quilibrer nos repas<\/strong> et pratiquer r\u00e9guli\u00e8rement une activit\u00e9 physique. Apr\u00e8s tout, le maintien de notre sant\u00e9 et de notre poids id\u00e9al n&rsquo;est pas simplement une question de saison, mais un engagement \u00e0 long terme envers nous-m\u00eames.<\/p>\n<h2>Les astuces pour maigrir efficacement en \u00e9t\u00e9<\/h2>\n<p>L&rsquo;\u00e9t\u00e9 peut \u00eatre une excellente p\u00e9riode pour perdre du poids, mais cela demande tout de m\u00eame une certaine discipline. Voici quelques <a href=\"https:\/\/www.brulafine.com\/magazine\/les-conseils-a-ne-pas-suivre-pour-perdre-du-poids\/\" data-internallinksmanager029f6b8e52c=\"69\" title=\"Les conseils \u00e0 ne pas suivre pour perdre du poids\">conseils<\/a> pour vous aider \u00e0 rester en ligne avec vos objectifs minceur.<\/p>\n<ul>\n<li><strong>Privil\u00e9giez les <a href=\"https:\/\/www.brulafine.com\/magazine\/le-calendrier-des-fruits-et-legumes-de-saison\/\" data-internallinksmanager029f6b8e52c=\"110\" title=\"Le calendrier des fruits et l\u00e9gumes de saison\">fruits et l\u00e9gumes<\/a> frais<\/strong> : ils sont faibles en calories, mais riches en vitamines et en fibres. Ils ont un effet rassasiant qui peut vous aider \u00e0 contr\u00f4ler votre app\u00e9tit.<\/li>\n<li><strong>Hydratez-vous correctement<\/strong> : l&rsquo;eau aide \u00e0 \u00e9liminer les toxines de notre organisme et favorise la sensation de sati\u00e9t\u00e9. N&rsquo;h\u00e9sitez pas \u00e0 varier les plaisirs en optant pour de l&rsquo;eau aromatis\u00e9e aux fruits ou des tisanes froides.<\/li>\n<li><strong>Pratiquez une activit\u00e9 physique r\u00e9guli\u00e8re<\/strong> : qu&rsquo;il s&rsquo;agisse d&rsquo;une session de cardio, d&rsquo;un cours de yoga ou d&rsquo;une simple marche \u00e0 pied, toute activit\u00e9 est b\u00e9n\u00e9fique. Elle vous aidera non seulement \u00e0 <a href=\"https:\/\/www.brulafine.com\/\">br\u00fbler des calories<\/a>, mais aussi \u00e0 tonifier vos muscles.<\/li>\n<\/ul>\n<p><img class=\"wp-image-203754 size-large\" src=\"https:\/\/www.brulafine.com\/magazine\/wp-content\/uploads\/2023\/06\/perte-de-poids-ete-1-1024x685.jpeg\" alt=\"\" width=\"1024\" height=\"685\" srcset=\"https:\/\/www.brulafine.com\/magazine\/wp-content\/uploads\/2023\/06\/perte-de-poids-ete-1-1024x685.jpeg 1024w, https:\/\/www.brulafine.com\/magazine\/wp-content\/uploads\/2023\/06\/perte-de-poids-ete-1-300x201.jpeg 300w, https:\/\/www.brulafine.com\/magazine\/wp-content\/uploads\/2023\/06\/perte-de-poids-ete-1-768x514.jpeg 768w, https:\/\/www.brulafine.com\/magazine\/wp-content\/uploads\/2023\/06\/perte-de-poids-ete-1.jpeg 1200w\" sizes=\"(max-width: 1024px) 100vw, 1024px\" \/><\/p>\n<h2>L&rsquo;hiver versus l&rsquo;\u00e9t\u00e9 : lequel est le plus propice \u00e0 la perte de poids ?<\/h2>\n<p>La question se pose souvent : l&rsquo;hiver ou l&rsquo;\u00e9t\u00e9, quelle saison serait la plus favorable \u00e0 notre objectif minceur ? Il semble que la r\u00e9ponse ne soit pas aussi tranch\u00e9e qu&rsquo;on pourrait le croire. En r\u00e9alit\u00e9, chaque saison a ses avantages en mati\u00e8re de perte de poids.<\/p>\n<p>Il est fr\u00e9quent de penser que l&rsquo;hiver est le principal ennemi de notre ligne, avec ses plats r\u00e9confortants et les longues soir\u00e9es pass\u00e9es au coin du feu. Pourtant, cette saison froide offre un atout non n\u00e9gligeable pour notre organisme. Pour maintenir notre temp\u00e9rature corporelle stable dans un environnement froid, notre corps doit br\u00fbler des calories suppl\u00e9mentaires et cette d\u00e9pense \u00e9nerg\u00e9tique additionnelle peut favoriser la perte de graisse. Certains repas d&rsquo;hiver, souvent plus consistants, peuvent \u00eatre riches en <strong>prot\u00e9ines <\/strong>et en <strong>fibres<\/strong>, des nutriments essentiels pour la <strong>sati\u00e9t\u00e9 <\/strong>et la <strong>sant\u00e9<\/strong>.<\/p>\n<p>Finalement, que nous soyons en hiver ou en \u00e9t\u00e9, la r\u00e9ussite de notre perte de poids ne d\u00e9pend pas uniquement de la saison. Il s&rsquo;agit d&rsquo;une combinaison de facteurs, o\u00f9 la <strong>constance <\/strong>et l&rsquo;<strong>\u00e9quilibre<\/strong> sont de mise. Manger \u00e9quilibr\u00e9, c&rsquo;est-\u00e0-dire choisir des aliments vari\u00e9s et de bonne qualit\u00e9 nutritionnelle, et maintenir une activit\u00e9 physique r\u00e9guli\u00e8re sont des piliers incontournables de tout r\u00e9gime r\u00e9ussi. Sans oublier l&rsquo;<strong>hydratation<\/strong>, un aspect souvent sous-estim\u00e9, mais qui joue un r\u00f4le essentiel dans notre bien-\u00eatre g\u00e9n\u00e9ral et notre perte de poids, quelle que soit la saison.<\/p>\n<p>M\u00eame si l&rsquo;\u00e9t\u00e9 peut sembler offrir un terrain plus favorable \u00e0 la perte de poids, en raison de la disponibilit\u00e9 d&rsquo;aliments plus l\u00e9gers et d&rsquo;opportunit\u00e9s d&rsquo;activit\u00e9s physiques en plein air, nos habitudes de vie restent le facteur d\u00e9terminant. En cultivant des habitudes alimentaires saines et en int\u00e9grant une activit\u00e9 physique r\u00e9guli\u00e8re dans notre routine, nous disposons des outils n\u00e9cessaires pour atteindre nos objectifs minceur, et ce, qu&rsquo;il fasse chaud ou froid \u00e0 l&rsquo;ext\u00e9rieur. Le secret est d&rsquo;adapter nos strat\u00e9gies \u00e0 la saison tout en restant fid\u00e8le \u00e0 nos principes de sant\u00e9.<\/p>\n","protected":false},"excerpt":{"rendered":"<p>L&rsquo;\u00e9t\u00e9, avec sa luminosit\u00e9 \u00e9clatante et ses journ\u00e9es plus longues, est souvent synonyme de l\u00e9g\u00e8ret\u00e9 et de renouveau. Durant cette&#8230;<\/p>\n","protected":false},"author":1,"featured_media":203756,"comment_status":"closed","ping_status":"closed","sticky":false,"template":"","format":"standard","meta":{"om_disable_all_campaigns":false,"_monsterinsights_skip_tracking":false,"_monsterinsights_sitenote_active":false,"_monsterinsights_sitenote_note":"","_monsterinsights_sitenote_category":0},"categories":[38],"tags":[],"aioseo_notices":[],"_links":{"self":[{"href":"https:\/\/www.brulafine.com\/magazine\/wp-json\/wp\/v2\/posts\/203755"}],"collection":[{"href":"https:\/\/www.brulafine.com\/magazine\/wp-json\/wp\/v2\/posts"}],"about":[{"href":"https:\/\/www.brulafine.com\/magazine\/wp-json\/wp\/v2\/types\/post"}],"author":[{"embeddable":true,"href":"https:\/\/www.brulafine.com\/magazine\/wp-json\/wp\/v2\/users\/1"}],"replies":[{"embeddable":true,"href":"https:\/\/www.brulafine.com\/magazine\/wp-json\/wp\/v2\/comments?post=203755"}],"version-history":[{"count":1,"href":"https:\/\/www.brulafine.com\/magazine\/wp-json\/wp\/v2\/posts\/203755\/revisions"}],"predecessor-version":[{"id":203938,"href":"https:\/\/www.brulafine.com\/magazine\/wp-json\/wp\/v2\/posts\/203755\/revisions\/203938"}],"wp:featuredmedia":[{"embeddable":true,"href":"https:\/\/www.brulafine.com\/magazine\/wp-json\/wp\/v2\/media\/203756"}],"wp:attachment":[{"href":"https:\/\/www.brulafine.com\/magazine\/wp-json\/wp\/v2\/media?parent=203755"}],"wp:term":[{"taxonomy":"category","embeddable":true,"href":"https:\/\/www.brulafine.com\/magazine\/wp-json\/wp\/v2\/categories?post=203755"},{"taxonomy":"post_tag","embeddable":true,"href":"https:\/\/www.brulafine.com\/magazine\/wp-json\/wp\/v2\/tags?post=203755"}],"curies":[{"name":"wp","href":"https:\/\/api.w.org\/{rel}","templated":true}]}}